{"id":22572,"date":"2026-09-01T22:14:44","date_gmt":"2026-09-02T01:14:44","guid":{"rendered":"https:\/\/isfd801-chu.infd.edu.ar\/sitio\/?p=22572"},"modified":"2026-09-01T22:26:58","modified_gmt":"2026-09-02T01:26:58","slug":"llamado-para-la-cobertura-de-las-unidades-curriculares-del-2do-cuatrimestre-2026","status":"publish","type":"post","link":"https:\/\/isfd801-chu.infd.edu.ar\/sitio\/llamado-para-la-cobertura-de-las-unidades-curriculares-del-2do-cuatrimestre-2026\/","title":{"rendered":"Llamado para la cobertura de las unidades curriculares del 2do cuatrimestre 2026"},"content":{"rendered":"\n<figure class=\"wp-block-image size-large is-style-default\"><img decoding=\"async\" loading=\"lazy\" width=\"1900\" height=\"777\" src=\"https:\/\/isfd801-chu.infd.edu.ar\/sitio\/wp-content\/uploads\/2026\/07\/encabezado-1-1900x777.png\" alt=\"\" class=\"wp-image-22278\" srcset=\"https:\/\/isfd801-chu.infd.edu.ar\/sitio\/wp-content\/uploads\/2026\/07\/encabezado-1-1900x777.png 1900w, https:\/\/isfd801-chu.infd.edu.ar\/sitio\/wp-content\/uploads\/2026\/07\/encabezado-1-1000x409.png 1000w, https:\/\/isfd801-chu.infd.edu.ar\/sitio\/wp-content\/uploads\/2026\/07\/encabezado-1-768x314.png 768w, https:\/\/isfd801-chu.infd.edu.ar\/sitio\/wp-content\/uploads\/2026\/07\/encabezado-1-1536x628.png 1536w, https:\/\/isfd801-chu.infd.edu.ar\/sitio\/wp-content\/uploads\/2026\/07\/encabezado-1.png 1961w\" sizes=\"(max-width: 1900px) 100vw, 1900px\" \/><\/figure>\n\n\n\n<p class=\"has-text-align-right\">Trelew, Chubut 31 de agosto de 2026<\/p>\n\n\n\n<!DOCTYPE html>\n<html>\n<head>\n\t<meta http-equiv=\"content-type\" content=\"text\/html; charset=utf-8\"\/>\n\t<title><\/title>\n\t<meta name=\"generator\" content=\"LibreOffice 25.2.3.2 (Linux)\"\/>\n\t<meta name=\"author\" content=\"Usuario\"\/>\n\t<meta name=\"created\" content=\"2026-09-01T00:33:00\"\/>\n\t<meta name=\"changed\" content=\"2026-09-01T22:12:14.776934046\"\/>\n\t<meta name=\"AppVersion\" content=\"16.0000\"\/>\n\t<style type=\"text\/css\">\n\t\t@page { size: 21cm 29.7cm; margin-left: 3cm; margin-right: 3cm; margin-top: 1.25cm; margin-bottom: 2.5cm }\n\t\tp { direction: ltr; margin-bottom: 0.25cm; line-height: 115%; orphans: 2; widows: 2; text-align: left; background: transparent }\n\t\tp.western { font-size: 12pt; font-family: \"Liberation Serif\", serif }\n\t\tp.cjk { so-language: zh-CN; font-size: 12pt }\n\t\tp.ctl { so-language: hi-IN; font-size: 12pt; font-family: \"Mangal\" }\n\t\ta:link { color: #0563c1; text-decoration: underline }\n\t<\/style>\n<\/head>\n<body lang=\"es-AR\" link=\"#0563c1\" vlink=\"#800000\" dir=\"ltr\"><p lang=\"es-ES\" align=\"right\" style=\"line-height: 100%; margin-bottom: 0cm\">\n<br\/>\n\n<\/p>\n<p lang=\"es-ES\" align=\"right\" style=\"margin-bottom: 0cm; line-height: 100%\">\n<br\/>\n\n<\/p>\n<p lang=\"es-ES\" align=\"right\" style=\"margin-bottom: 0cm; line-height: 100%\">\n<br\/>\n\n<\/p>\n<p lang=\"es-ES\" align=\"justify\" style=\"margin-bottom: 0cm; line-height: 100%\">\n<br\/>\n\n<\/p>\n<p lang=\"es-ES\" align=\"justify\" style=\"margin-bottom: 0cm; line-height: 100%\">\n<font face=\"Arial, sans-serif\"><b>El Equipo Directivo del ISFD \u00ba 801\n\u201cJuana Manso\u201d realiza el llamado para la cobertura de las\nunidades curriculares del 2do cuatrimestre 2026, que a continuaci\u00f3n\nse detallan:<\/b><\/font><\/p>\n<p lang=\"es-ES\" align=\"justify\" style=\"line-height: 100%; margin-bottom: 0cm\">\n<br\/>\n\n<\/p>\n<p lang=\"es-ES\" align=\"justify\" style=\"margin-bottom: 0cm; line-height: 100%\">\n<font face=\"Times New Roman, serif\"><b>El presente llamado\ncorresponde a la presentaci\u00f3n de Programas de Ense\u00f1anza.<\/b><\/font><\/p>\n<p align=\"justify\" style=\"line-height: 100%; margin-bottom: 0cm\"><br\/>\n\n<\/p>\n<p lang=\"es-ES\" align=\"justify\" style=\"margin-bottom: 0cm; line-height: 100%\">\n<font face=\"Times New Roman, serif\"><font size=\"4\" style=\"font-size: 14pt\"><span lang=\"es-AR\"><i><u><b>PRESENTACI\u00d3N:<\/b><\/u><\/i><\/span><\/font><\/font><\/p>\n<p lang=\"es-ES\" align=\"justify\" style=\"line-height: 100%; margin-bottom: 0cm\">\n<br\/>\n\n<\/p>\n<ul>\n\t<li><p lang=\"es-ES\" align=\"justify\" style=\"margin-bottom: 0cm; line-height: 100%\">\n\t<font face=\"Times New Roman, serif\"><font size=\"4\" style=\"font-size: 14pt\"><span lang=\"es-AR\"><b>Entregar\n\ten <\/b><\/span><\/font><\/font><font color=\"#0070c0\"><font face=\"Times New Roman, serif\"><font size=\"4\" style=\"font-size: 14pt\"><span lang=\"es-AR\"><b>FORMATO\n\tPAPEL<\/b><\/span><\/font><\/font><\/font><\/p><\/li>\n<\/ul>\n<p lang=\"es-ES\" align=\"justify\" style=\"margin-bottom: 0cm; margin-left: 1.27cm; line-height: 100%\">\n<font face=\"Times New Roman, serif\"><font size=\"4\" style=\"font-size: 14pt\"><span lang=\"es-AR\"><b>Fecha\nde entrega:<\/b><\/span><\/font><\/font><font color=\"#00000a\"><font face=\"Times New Roman, serif\"><font size=\"4\" style=\"font-size: 14pt\"><span lang=\"es-AR\"><b>\n<\/b><\/span><\/font><\/font><\/font><font color=\"#0070c0\"><font face=\"Times New Roman, serif\"><font size=\"4\" style=\"font-size: 14pt\"><span lang=\"es-AR\"><b>del\n31 de agosto al 04 de septiembre de 2026 <\/b><\/span><\/font><\/font><\/font>\n<\/p>\n<ul>\n\t<li><p lang=\"es-ES\" align=\"justify\" style=\"margin-bottom: 0cm; line-height: 100%\">\n\t<font face=\"Times New Roman, serif\"><font size=\"4\" style=\"font-size: 14pt\"><span lang=\"es-AR\"><b>Lugar\n\tde presentaci\u00f3n:<\/b><\/span><\/font><\/font> <font color=\"#0070c0\"><font face=\"Times New Roman, serif\"><font size=\"4\" style=\"font-size: 14pt\"><b>Mesa\n\tde Entrada de la Sede \u2013 25 de Mayo 390<\/b><\/font><\/font><\/font><\/p><\/li>\n<\/ul>\n<p lang=\"es-ES\" align=\"justify\" style=\"margin-bottom: 0cm; margin-left: 1.27cm; line-height: 100%\">\n<br\/>\n\n<\/p>\n<p lang=\"es-ES\" align=\"justify\" style=\"margin-bottom: 0.28cm; line-height: 108%\">\n<font color=\"#ff0000\"><font face=\"Times New Roman, serif\"><font size=\"4\" style=\"font-size: 16pt\"><span lang=\"es-AR\"><u><b><span style=\"background: #ffff00\">\u00a1ATENCI\u00d3N!<\/span><\/b><\/u><\/span><\/font><\/font><\/font><\/p>\n<p lang=\"es-ES\" align=\"justify\" style=\"margin-bottom: 0.28cm; line-height: 108%\">\n<font face=\"Times New Roman, serif\"><font size=\"4\" style=\"font-size: 14pt\"><span lang=\"es-AR\"><u>Antes\nde comenzar a elaborar sus PE revisar los siguientes documentos<\/u><\/span><\/font><\/font><\/p>\n<p lang=\"es-ES\" align=\"justify\" style=\"margin-bottom: 0.28cm; line-height: 108%\">\n<br\/>\n<br\/>\n\n<\/p>\n<ul>\n\t<li><p lang=\"es-ES\" align=\"justify\" style=\"margin-bottom: 0.28cm; line-height: 108%\">\n\t<font color=\"#000000\"><font face=\"Times New Roman, serif\"><font size=\"4\" style=\"font-size: 14pt\">Orientaciones\n\tpara la presentaci\u00f3n de PE y PS<\/font><\/font><\/font><\/p><\/li>\n\t<li><p lang=\"es-ES\" align=\"justify\" style=\"margin-bottom: 0.28cm; line-height: 108%\">\n\t<font color=\"#000000\"><font face=\"Times New Roman, serif\"><font size=\"4\" style=\"font-size: 14pt\">Disposici\u00f3n\n\tInstitucional N\u00b001\/25 Sobre Evaluaci\u00f3n y Acreditaci\u00f3n<\/font><\/font><\/font><\/p><\/li>\n\t<li><p lang=\"es-ES\" align=\"justify\" style=\"margin-bottom: 0.28cm; line-height: 108%\">\n\t<font color=\"#000000\"><font face=\"Times New Roman, serif\"><font size=\"4\" style=\"font-size: 14pt\">Dise\u00f1o\n\tCurricular de la Carrera<\/font><\/font><\/font><\/p><\/li>\n\t<li><p lang=\"es-ES\" align=\"justify\" style=\"margin-bottom: 0.28cm; line-height: 108%\">\n\t<font color=\"#000000\"><font face=\"Times New Roman, serif\"><font size=\"4\" style=\"font-size: 14pt\"><b>Haga\n\tclic en el link para acceder:<\/b><\/font><\/font><\/font><\/p><\/li>\n<\/ul>\n<p lang=\"es-ES\" align=\"justify\" style=\"margin-bottom: 0.28cm; line-height: 108%\"><a name=\"_Hlk126838293\"><\/a><a name=\"_Hlk221620858\"><\/a>\n<font color=\"#0563c1\"><span style=\"text-decoration: none\">\t<\/span><\/font><font color=\"#0563c1\"><u><a href=\"https:\/\/drive.google.com\/drive\/folders\/1Leip64g2_jRLGXi7-7X8WJXAdsf7bmf2?usp=sharing\">DOCUMENT<\/a><a href=\"https:\/\/drive.google.com\/drive\/folders\/1Leip64g2_jRLGXi7-7X8WJXAdsf7bmf2?usp=sharing\">ACI\u00d3N<\/a><\/u><\/font><\/p>\n<ul>\n\t<li><p lang=\"es-ES\" align=\"justify\" style=\"line-height: 100%; margin-bottom: 0.28cm\"><a name=\"_Hlk221704321\"><\/a>\n\t<font color=\"#2f5496\"><font face=\"Times New Roman, serif\"><u><b>TECNICTURA\n\tSUPERIOR EN PSICOMOTRICIDAD<\/b><\/u><\/font><\/font><\/p><\/li>\n<\/ul>\n<p class=\"western\" align=\"justify\" style=\"margin-bottom: 0.28cm; line-height: 108%\">\n<font face=\"Times New Roman, serif\"><u><b>1er A\u00f1o<\/b><\/u><\/font><\/p>\n<p class=\"western\" align=\"justify\" style=\"margin-bottom: 0.28cm; line-height: 108%\">\n<font face=\"Times New Roman, serif\"><b>Bases Neurofisiol\u00f3gicas del\nSistema Nervioso Central <\/b><\/font><font face=\"Times New Roman, serif\">04hs\nPerfil docente: Profesor\/a o Licenciado\/ en Biolog\u00eda, Medico,\npreferentemente especialista en Neurofisiolog\u00eda o Psiquiatr\u00eda.<\/font><\/p>\n<p class=\"western\" style=\"line-height: 100%; margin-top: 0.01cm; margin-bottom: 0cm\">\n<br\/>\n\n<\/p>\n<p class=\"western\" align=\"justify\" style=\"margin-bottom: 0.28cm; line-height: 108%\"><a name=\"_Hlk46742029\"><\/a>\n<font face=\"Times New Roman, serif\"><font size=\"2\" style=\"font-size: 11pt\"><span lang=\"es-ES\"><u>Los\n<\/u><\/span><\/font><\/font><font face=\"Times New Roman, serif\"><font size=\"2\" style=\"font-size: 11pt\"><span lang=\"es-ES\"><u><b>Programas\nde Ense\u00f1anza<\/b><\/u><\/span><\/font><\/font><font face=\"Times New Roman, serif\"><font size=\"2\" style=\"font-size: 11pt\"><span lang=\"es-ES\"><u>\nse recepcionar\u00e1n en <\/u><\/span><\/font><\/font><font face=\"Times New Roman, serif\"><font size=\"2\" style=\"font-size: 11pt\"><span lang=\"es-ES\"><u><b>FORMATO\nPAPEL<\/b><\/u><\/span><\/font><\/font><font face=\"Times New Roman, serif\"><font size=\"2\" style=\"font-size: 11pt\"><span lang=\"es-ES\"><u>\nen mesa de entrada de la SEDE desde el <\/u><\/span><\/font><\/font><font face=\"Times New Roman, serif\"><font size=\"2\" style=\"font-size: 11pt\"><span lang=\"es-ES\"><i><u><b>31\nde agosto al 04de septiembre<\/b><\/u><\/i><\/span><\/font><\/font><font face=\"Times New Roman, serif\"><font size=\"2\" style=\"font-size: 11pt\"><span lang=\"es-ES\"><i><u><b>\nde 2026 a las 21hs<\/b><\/u><\/i><\/span><\/font><\/font><\/p>\n<p lang=\"es-ES\" class=\"western\" align=\"justify\" style=\"margin-bottom: 0.28cm; line-height: 108%\">\n<br\/>\n<br\/>\n\n<\/p>\n<p class=\"western\" align=\"justify\" style=\"margin-top: 0.1cm; margin-bottom: 0.1cm; line-height: 115%\">\n<font face=\"Arial, sans-serif\"><span lang=\"es-ES\">Los interesados\npodr\u00e1n consultar las pautas de presentaci\u00f3n en los siguientes\nlinks:<\/span><\/font><\/p>\n<p class=\"western\" style=\"margin-top: 0.1cm; margin-bottom: 0.1cm; line-height: 115%\">\n<font color=\"#ff0000\"><font face=\"Arial, sans-serif\"><span lang=\"es-ES\"><b>Dise\u00f1os\nCurriculares:\n<\/b><\/span><\/font><\/font><font color=\"#0563c1\"><u><a href=\"https:\/\/drive.google.com\/drive\/folders\/107Ioauuos6BBcQ3D5TOs_1jiFn__Csbd?usp=sharing\"><font face=\"Arial, sans-serif\"><span lang=\"es-ES\">https:\/\/drive.google.com\/drive\/folders\/107Ioauuos6BBcQ3D5TOs_1jiFn__Csbd?usp=sharing<\/span><\/font><\/a><\/u><\/font><font color=\"#ff0000\"><font face=\"Arial, sans-serif\"><span lang=\"es-ES\">\n<\/span><\/font><\/font>\n<\/p>\n<p class=\"western\" align=\"justify\" style=\"margin-top: 0.1cm; margin-bottom: 0.1cm; line-height: 115%\">\n<font color=\"#ff0000\"><font face=\"Arial, sans-serif\"><span lang=\"es-ES\"><b>Pautas\nde presentaci\u00f3n de Programa de Ense\u00f1anza:<\/b><\/span><\/font><\/font><font face=\"Arial, sans-serif\"><span lang=\"es-ES\">\n<\/span><\/font><a href=\"https:\/\/drive.google.com\/drive\/folders\/1Leip64g2_jRLGXi7-7X8WJXAdsf7bmf2?usp=sharing\"><font color=\"#0066b3\"><font face=\"Times New Roman, serif\"><span lang=\"es-ES\"><u>DOCUMENTACI\u00d3N<\/u><\/span><\/font><\/font><\/a><\/p>\n<p lang=\"es-ES\" class=\"western\" align=\"justify\" style=\"margin-top: 0.1cm; margin-bottom: 0.1cm; line-height: 115%\">\n<br\/>\n<br\/>\n\n<\/p>\n<p lang=\"es-ES\" class=\"western\" align=\"justify\" style=\"margin-top: 0.1cm; margin-bottom: 0.1cm; line-height: 115%\">\n<br\/>\n<br\/>\n\n<\/p>\n<p class=\"western\" align=\"justify\" style=\"margin-top: 0.1cm; margin-bottom: 0.1cm; line-height: 115%\">\n<font face=\"Arial, sans-serif\"><span lang=\"es-ES\"><b><span style=\"background: #ffff00\">Recuerde\nque debe:<\/span><\/b><\/span><\/font><\/p>\n<ul>\n\t<li><p class=\"western\" align=\"justify\" style=\"margin-top: 0.1cm; margin-bottom: 0.1cm; line-height: 115%\">\n\t<font color=\"#000000\"><font face=\"Arial, sans-serif\"><span lang=\"es-ES\"><b>Presentar\n\tFormulario de Antecedentes Profesionales.  <\/b><\/span><\/font><\/font>\n\t<\/p><\/li>\n\t<li><p class=\"western\" align=\"justify\" style=\"margin-top: 0.1cm; margin-bottom: 0.1cm; line-height: 115%\">\n\t<font color=\"#000000\"><font face=\"Arial, sans-serif\"><span lang=\"es-ES\"><b>Declaraci\u00f3n\n\tJurada de cargos actualizada.<\/b><\/span><\/font><\/font><\/p><\/li>\n\t<li><p class=\"western\" align=\"justify\" style=\"margin-top: 0.1cm; margin-bottom: 0.1cm; line-height: 115%\">\n\t<font color=\"#000000\"><font face=\"Arial, sans-serif\"><span lang=\"es-ES\"><b>Para\n\tquienes se presentan en la instituci\u00f3n por <\/b><\/span><\/font><\/font><font color=\"#ff0000\"><font face=\"Arial, sans-serif\"><span lang=\"es-ES\"><b>primera\n\tvez<\/b><\/span><\/font><\/font><font color=\"#000000\"><font face=\"Arial, sans-serif\"><span lang=\"es-ES\"><b>,\n\tenviar adem\u00e1s:<\/b><\/span><\/font><\/font><\/p><\/li>\n\t<li><p class=\"western\" align=\"justify\" style=\"line-height: 115%; margin-top: 0.1cm; margin-bottom: 0.1cm\">\n\t<font color=\"#000000\"><font face=\"Arial, sans-serif\"><span lang=\"es-ES\"><b>Curr\u00edculum\n\tVitae actualizado<\/b><\/span><\/font><\/font><\/p><\/li>\n\t<li><p class=\"western\" align=\"justify\" style=\"line-height: 115%; margin-top: 0.1cm; margin-bottom: 0.1cm\">\n\t<font color=\"#000000\"><font face=\"Arial, sans-serif\"><span lang=\"es-ES\"><b>Copia\n\tde DNI y CUIL<\/b><\/span><\/font><\/font><\/p><\/li>\n\t<li><p class=\"western\" align=\"justify\" style=\"line-height: 115%; margin-top: 0.1cm; margin-bottom: 0.1cm\">\n\t<font color=\"#000000\"><font face=\"Arial, sans-serif\"><span lang=\"es-ES\"><b>Copia\n\tdel T\u00edtulo<\/b><\/span><\/font><\/font><\/p><\/li>\n\t<li><p class=\"western\" align=\"justify\" style=\"line-height: 115%; margin-top: 0.1cm; margin-bottom: 0.1cm\">\n\t<font color=\"#000000\"><font face=\"Arial, sans-serif\"><span lang=\"es-ES\"><b>Nota\n\tde Elevaci\u00f3n con firma digital.<\/b><\/span><\/font><\/font><\/p><\/li>\n<\/ul>\n<p lang=\"es-ES\" class=\"western\" align=\"justify\" style=\"margin-bottom: 0.28cm; line-height: 108%\">\n<br\/>\n<br\/>\n\n<\/p>\n<p lang=\"es-ES\" class=\"western\" align=\"justify\" style=\"margin-bottom: 0.28cm; line-height: 108%\">\n<br\/>\n<br\/>\n\n<\/p>\n<p lang=\"es-ES\" class=\"western\" align=\"justify\" style=\"margin-bottom: 0.28cm; line-height: 108%\">\n<br\/>\n<br\/>\n\n<\/p>\n<p lang=\"es-ES\" class=\"western\" align=\"justify\" style=\"line-height: 100%; margin-bottom: 0.28cm\">\n<br\/>\n<br\/>\n\n<\/p>\n<p class=\"western\" align=\"justify\" style=\"line-height: 100%; margin-bottom: 0.28cm\">\n<br\/>\n<br\/>\n\n<\/p>\n<p class=\"western\" align=\"justify\" style=\"line-height: 100%; margin-bottom: 0.28cm\">\n<br\/>\n<br\/>\n\n<\/p>\n<p class=\"western\" align=\"justify\" style=\"line-height: 100%; margin-bottom: 0.28cm\">\n<br\/>\n<br\/>\n\n<\/p>\n<p class=\"western\" align=\"justify\" style=\"line-height: 100%; margin-bottom: 0.28cm\">\n<br\/>\n<br\/>\n\n<\/p>\n<p class=\"western\" align=\"justify\" style=\"line-height: 100%; margin-bottom: 0.28cm\">\n<br\/>\n<br\/>\n\n<\/p>\n<p lang=\"es-ES\" align=\"justify\" style=\"margin-bottom: 0.28cm; line-height: 108%\">\n<br\/>\n<br\/>\n\n<\/p>\n<p lang=\"es-ES\" align=\"justify\" style=\"margin-bottom: 0.28cm; line-height: 108%\">\n<br\/>\n<br\/>\n\n<\/p>\n<p class=\"western\" align=\"justify\" style=\"margin-bottom: 0.28cm; line-height: 108%\">\n<br\/>\n<br\/>\n\n<\/p>\n<\/body>\n<\/html>\n","protected":false},"excerpt":{"rendered":"<p>Trelew, Chubut 31 de agosto de 2026 El Equipo Directivo del ISFD \u00ba 801 \u201cJuana Manso\u201d realiza el llamado para la cobertura de las unidades curriculares del 2do cuatrimestre 2026, que a continuaci\u00f3n se detallan: El presente llamado corresponde a la presentaci\u00f3n de Programas de Ense\u00f1anza. PRESENTACI\u00d3N: Entregar en FORMATO PAPEL Fecha de entrega: del &#8230; <a title=\"Llamado para la cobertura de las unidades curriculares del 2do cuatrimestre 2026\" class=\"read-more\" href=\"https:\/\/isfd801-chu.infd.edu.ar\/sitio\/llamado-para-la-cobertura-de-las-unidades-curriculares-del-2do-cuatrimestre-2026\/\" aria-label=\"More on Llamado para la cobertura de las unidades curriculares del 2do cuatrimestre 2026\">[+]<\/a><\/p>\n","protected":false},"author":542,"featured_media":0,"comment_status":"closed","ping_status":"closed","sticky":false,"template":"","format":"standard","meta":[],"categories":[254],"tags":[],"acf":[],"_links":{"self":[{"href":"https:\/\/isfd801-chu.infd.edu.ar\/sitio\/wp-json\/wp\/v2\/posts\/22572"}],"collection":[{"href":"https:\/\/isfd801-chu.infd.edu.ar\/sitio\/wp-json\/wp\/v2\/posts"}],"about":[{"href":"https:\/\/isfd801-chu.infd.edu.ar\/sitio\/wp-json\/wp\/v2\/types\/post"}],"author":[{"embeddable":true,"href":"https:\/\/isfd801-chu.infd.edu.ar\/sitio\/wp-json\/wp\/v2\/users\/542"}],"replies":[{"embeddable":true,"href":"https:\/\/isfd801-chu.infd.edu.ar\/sitio\/wp-json\/wp\/v2\/comments?post=22572"}],"version-history":[{"count":2,"href":"https:\/\/isfd801-chu.infd.edu.ar\/sitio\/wp-json\/wp\/v2\/posts\/22572\/revisions"}],"predecessor-version":[{"id":22575,"href":"https:\/\/isfd801-chu.infd.edu.ar\/sitio\/wp-json\/wp\/v2\/posts\/22572\/revisions\/22575"}],"wp:attachment":[{"href":"https:\/\/isfd801-chu.infd.edu.ar\/sitio\/wp-json\/wp\/v2\/media?parent=22572"}],"wp:term":[{"taxonomy":"category","embeddable":true,"href":"https:\/\/isfd801-chu.infd.edu.ar\/sitio\/wp-json\/wp\/v2\/categories?post=22572"},{"taxonomy":"post_tag","embeddable":true,"href":"https:\/\/isfd801-chu.infd.edu.ar\/sitio\/wp-json\/wp\/v2\/tags?post=22572"}],"curies":[{"name":"wp","href":"https:\/\/api.w.org\/{rel}","templated":true}]}}